{"id":1817,"date":"2013-07-17T14:31:36","date_gmt":"2013-07-17T14:31:36","guid":{"rendered":"http:\/\/www.akademiplena.com\/blog\/?p=1817"},"modified":"2021-08-11T16:15:10","modified_gmt":"2021-08-11T16:15:10","slug":"proje-yonetimi-egitimi","status":"publish","type":"post","link":"https:\/\/www.akademiplena.com\/blog\/proje-yonetimi-egitimi\/","title":{"rendered":"Proje Y\u00f6netimi E\u011fitimi"},"content":{"rendered":"<p><a href=\"http:\/\/www.akademiplena.com\/blog\/wp-content\/uploads\/2013\/07\/engranaje.jpg\"><img loading=\"lazy\" class=\"alignleft size-medium wp-image-1820\" title=\"engranaje\" src=\"http:\/\/www.akademiplena.com\/blog\/wp-content\/uploads\/2013\/07\/engranaje-300x225.jpg\" alt=\"\" width=\"300\" height=\"225\" srcset=\"https:\/\/www.akademiplena.com\/blog\/wp-content\/uploads\/2013\/07\/engranaje-300x225.jpg 300w, https:\/\/www.akademiplena.com\/blog\/wp-content\/uploads\/2013\/07\/engranaje.jpg 400w\" sizes=\"(max-width: 300px) 100vw, 300px\" \/><\/a><\/p>\n<p>Uluslararas\u0131 Proje Y\u00f6neticileri Birli\u011finin belirledi\u011fi standartlar ve bilgiler dahilinde ger\u00e7ekle\u015fir.<\/p>\n<div>Bireysel olarak proje kavram\u0131n\u0131 ve y\u00f6netsel \u00f6zelliklerini \u00f6\u011fretmeyi ama\u00e7lar. Firma i\u00e7inde proje temelli \u00e7al\u0131\u015fma organizasyon \u00f6zelliklerini a\u00e7\u0131klar.<\/div>\n<div><\/div>\n<div><strong>Program\u0131n Hedefi<\/strong><\/div>\n<div><\/div>\n<div>Proje y\u00f6netiminde uluslararas\u0131 standartlar\u0131n ve y\u00f6ntemlerin yayg\u0131nla\u015ft\u0131r\u0131lmas\u0131, i\u015f yap\u0131\u015f tarzlar\u0131n\u0131 al\u0131\u015f\u0131lm\u0131\u015f y\u00f6ntemlerle yapan ki\u015fi ve kurumlar\u0131n proje y\u00f6netimini uygulayarak ve bu konuda uzmanla\u015farak; verimlilik ve kararl\u0131l\u0131klar\u0131n\u0131 artt\u0131rmalar\u0131 hedeflenmektedir. kat\u0131l\u0131mc\u0131lara sa\u011flayaca\u011f\u0131 faydalar; g\u00fcn\u00fcm\u00fcz ba\u015far\u0131l\u0131 proje ve proje y\u00f6netimi kuramlar\u0131n\u0131n verilmesi ve sekt\u00f6r pratikleri ile desteklenmesidir.<\/div>\n<div><\/div>\n<div><strong>Program Ba\u015fl\u0131klar\u0131<\/strong><\/div>\n<div><\/div>\n<div>&#8211; Proje ve Proje Y\u00f6netimi Nedir?<\/div>\n<div>&#8211; Proje Ya\u015fam D\u00f6ng\u00fcs\u00fc ve Organizasyon<\/div>\n<div>&#8211; Proje Planlama Teknikleri<\/div>\n<div>&#8211; Projelerde Entegre S\u00fcre\u00e7 ( Tedarik\u00e7i, \u00dcretim, Pazarlama ve Sat\u0131\u015f Birimleri ) Y\u00f6netimi<\/div>\n<div>&#8211; Proje Kapsam Y\u00f6netimi<\/div>\n<div>&#8211; Proje Maliyet Y\u00f6netimi<\/div>\n<div>&#8211; Proje Kalite Y\u00f6netimi<\/div>\n<div>&#8211; Proje \u0130nsan Kaynaklar\u0131 ve \u0130leti\u015fim Y\u00f6netimi<\/div>\n<div>&#8211; Projelerde Kriz ( vaka, \u015fikayet) Y\u00f6netimi<\/div>\n<div>&#8211; Proje Risk Y\u00f6netimi<\/div>\n<div>&#8211; Proje Sat\u0131n Alma Y\u00f6netimi<\/div>\n<div><\/div>\n<div>Program\u0131n S\u00fcresi : \u00a018 Saat<\/div>\n<div>Program\u0131n Dili : \u00a0T\u00fcrk\u00e7e veya \u0130ngilizce olarak kat\u0131l\u0131mc\u0131 iste\u011fine g\u00f6re d\u00fczenlenebilmektedir.<\/div>\n<div><\/div>\n<div><\/div>\n<div>Bilgi i\u00e7in bize ula\u015f\u0131n:<\/div>\n<div>Tel : 0 (224) 243 43 14<\/div>\n<div><\/div>\n<div>Online E\u011fitimlere kay\u0131t i\u00e7in; <a href=\"http:\/\/www.plenahuman.com\/\">www.plenahuman.com<\/a> internet sitemizi ziyaret edebilirsiniz. T\u00fcm <em><a href=\"http:\/\/www.plenahuman.com\/\">online e\u011fitimler<\/a>i<\/em>mize sitemizden ula\u015fabilirsiniz.<\/div>\n","protected":false},"excerpt":{"rendered":"<p>Uluslararas\u0131 Proje Y\u00f6neticileri Birli\u011finin belirledi\u011fi standartlar ve bilgiler dahilinde ger\u00e7ekle\u015fir. Bireysel olarak proje kavram\u0131n\u0131 ve y\u00f6netsel \u00f6zelliklerini \u00f6\u011fretmeyi ama\u00e7lar. Firma i\u00e7inde proje temelli \u00e7al\u0131\u015fma organizasyon \u00f6zelliklerini a\u00e7\u0131klar. Program\u0131n Hedefi Proje [&hellip;]<\/p>\n","protected":false},"author":1,"featured_media":0,"comment_status":"open","ping_status":"open","sticky":false,"template":"","format":"standard","meta":[],"categories":[403],"tags":[364,362,363,360],"_links":{"self":[{"href":"https:\/\/www.akademiplena.com\/blog\/wp-json\/wp\/v2\/posts\/1817"}],"collection":[{"href":"https:\/\/www.akademiplena.com\/blog\/wp-json\/wp\/v2\/posts"}],"about":[{"href":"https:\/\/www.akademiplena.com\/blog\/wp-json\/wp\/v2\/types\/post"}],"author":[{"embeddable":true,"href":"https:\/\/www.akademiplena.com\/blog\/wp-json\/wp\/v2\/users\/1"}],"replies":[{"embeddable":true,"href":"https:\/\/www.akademiplena.com\/blog\/wp-json\/wp\/v2\/comments?post=1817"}],"version-history":[{"count":5,"href":"https:\/\/www.akademiplena.com\/blog\/wp-json\/wp\/v2\/posts\/1817\/revisions"}],"predecessor-version":[{"id":4505,"href":"https:\/\/www.akademiplena.com\/blog\/wp-json\/wp\/v2\/posts\/1817\/revisions\/4505"}],"wp:attachment":[{"href":"https:\/\/www.akademiplena.com\/blog\/wp-json\/wp\/v2\/media?parent=1817"}],"wp:term":[{"taxonomy":"category","embeddable":true,"href":"https:\/\/www.akademiplena.com\/blog\/wp-json\/wp\/v2\/categories?post=1817"},{"taxonomy":"post_tag","embeddable":true,"href":"https:\/\/www.akademiplena.com\/blog\/wp-json\/wp\/v2\/tags?post=1817"}],"curies":[{"name":"wp","href":"https:\/\/api.w.org\/{rel}","templated":true}]}}